{"id":7113,"date":"2020-01-22T10:34:56","date_gmt":"2020-01-22T17:34:56","guid":{"rendered":"https:\/\/www.meetingone.eu\/eu-fr\/?p=7113"},"modified":"2020-01-28T11:22:38","modified_gmt":"2020-01-28T18:22:38","slug":"meetingone-solutions-d-e-learning","status":"publish","type":"post","link":"https:\/\/www.meetingone.com\/eu-fr\/blog\/meetingone-solutions-d-e-learning\/","title":{"rendered":"MeetingOne France et Adobe pr\u00e9sentent leurs solutions d\u2019e-Learning"},"content":{"rendered":"<hr \/>\n<p><a href=\"https:\/\/www.meetingone.com\/eu-fr\/wp-content\/uploads\/sites\/7\/2020\/01\/Learning-Technologies-2020.png\" rel=\"attachment wp-att-7116\"><img decoding=\"async\" loading=\"lazy\" class=\"aligncenter size-full wp-image-7116\" src=\"https:\/\/www.meetingone.com\/eu-fr\/wp-content\/uploads\/sites\/7\/2020\/01\/Learning-Technologies-2020.png\" alt=\"Le Learning Technologies France 2020 ouvre ses portes ces 5 et 6 f\u00e9vrier \u00e0 la Porte de Versailles - Paris\" width=\"867\" height=\"410\" srcset=\"https:\/\/www.meetingone.com\/eu-fr\/wp-content\/uploads\/sites\/7\/2020\/01\/Learning-Technologies-2020.png 867w, https:\/\/www.meetingone.com\/eu-fr\/wp-content\/uploads\/sites\/7\/2020\/01\/Learning-Technologies-2020-300x142.png 300w, https:\/\/www.meetingone.com\/eu-fr\/wp-content\/uploads\/sites\/7\/2020\/01\/Learning-Technologies-2020-768x363.png 768w\" sizes=\"(max-width: 867px) 100vw, 867px\" \/><\/a><\/p>\n<p><span style=\"color: #bb2025\"><strong><a style=\"color: #bb2025\" href=\"http:\/\/www.learningtechnologiesfrance.com\/\" target=\"_blank\">Le Learning Technologies France 2020<\/a><\/strong><\/span> ouvre ses portes ces 5 et 6 f\u00e9vrier \u00e0 la Porte de Versailles &#8211; Paris.\u00a0<strong>MeetingOne France vous accueillera sur le stand G92<\/strong>, \u00e0 l\u2019occasion de ce prestigieux salon pour vous accompagner dans vos projets d\u2019elearning avec le support des solutions <strong>Adobe E-Learning<\/strong>.<\/p>\n<p>&nbsp;<\/p>\n<p><span style=\"color: #f68920\"><strong>V\u00e9ritable \u00e9v\u00e8nement de r\u00e9f\u00e9rence en Europe dans le domaine des technologies au service de l\u2019apprentissage<\/strong><\/span>, ce salon rassemble des professionnels:<\/p>\n<ul>\n<li><span style=\"color: #225d71\"><strong>du e-learning,<\/strong><\/span><\/li>\n<li><span style=\"color: #225d71\"><strong>de la formation,<\/strong><\/span><\/li>\n<li><span style=\"color: #225d71\"><strong>des ressources humaines<\/strong><\/span><\/li>\n<li><span style=\"color: #225d71\"><strong>de la gestion des talents du monde entier<\/strong><\/span><\/li>\n<\/ul>\n<hr \/>\n<p>&nbsp;<\/p>\n<h2><span style=\"color: #bb2025\">Au programme du Learning Technologies France<\/span><\/h2>\n<p>Plus de 100 exposants, des conf\u00e9rences, des ateliers th\u00e9matiques qui permettront \u00e0 plus de 7000 visiteurs en provenance de 40 pays de se tenir inform\u00e9s des derni\u00e8res nouveaut\u00e9s en mati\u00e8re d\u2019e-learning.<\/p>\n<p>&nbsp;<\/p>\n<h3 style=\"text-align: center\"><span style=\"color: #f68920\">Vous devriez visiter notre stand: G92 !<\/span><\/h3>\n<p style=\"text-align: center\"><a href=\"https:\/\/www.meetingone.com\/eu-fr\/wp-content\/uploads\/sites\/7\/2020\/01\/Digital-learning-solution-box.png\" rel=\"attachment wp-att-7114\"><img decoding=\"async\" loading=\"lazy\" class=\"aligncenter size-large wp-image-7114\" src=\"https:\/\/www.meetingone.com\/eu-fr\/wp-content\/uploads\/sites\/7\/2020\/01\/Digital-learning-solution-box-1024x774.png\" alt=\"vous accompagner dans vos projets d\u2019elearning avec le support des solutions Adobe E-Learning.\" width=\"800\" height=\"605\" srcset=\"https:\/\/www.meetingone.com\/eu-fr\/wp-content\/uploads\/sites\/7\/2020\/01\/Digital-learning-solution-box-1024x774.png 1024w, https:\/\/www.meetingone.com\/eu-fr\/wp-content\/uploads\/sites\/7\/2020\/01\/Digital-learning-solution-box-300x227.png 300w, https:\/\/www.meetingone.com\/eu-fr\/wp-content\/uploads\/sites\/7\/2020\/01\/Digital-learning-solution-box-768x581.png 768w, https:\/\/www.meetingone.com\/eu-fr\/wp-content\/uploads\/sites\/7\/2020\/01\/Digital-learning-solution-box.png 1071w\" sizes=\"(max-width: 800px) 100vw, 800px\" \/><\/a><\/p>\n<h3 style=\"text-align: center\">N\u2019h\u00e9sitez pas, rejoignez-nous \u00e0 cet \u00e9v\u00e9nement incontournable en demandant gratuitement votre bagde d\u2019acc\u00e8s au\u00a0<strong>Learning Technologies France.<\/strong><\/h3>\n<p>&nbsp;<\/p>\n<p style=\"text-align: left\"><a href=\"https:\/\/www.learningtechnologiesfrance.com\/welcome\/inscription-gratuite-au-salon\" target=\"_blank\" rel=\"attachment wp-att-5096\"><img decoding=\"async\" loading=\"lazy\" class=\"aligncenter wp-image-5096 size-full\" src=\"https:\/\/www.meetingone.com\/eu-fr\/wp-content\/uploads\/sites\/7\/2017\/01\/iLearning-Forum-Register-02-02.png\" alt=\"iLearning Forum\" width=\"314\" height=\"70\" srcset=\"https:\/\/www.meetingone.com\/eu-fr\/wp-content\/uploads\/sites\/7\/2017\/01\/iLearning-Forum-Register-02-02.png 314w, https:\/\/www.meetingone.com\/eu-fr\/wp-content\/uploads\/sites\/7\/2017\/01\/iLearning-Forum-Register-02-02-300x67.png 300w\" sizes=\"(max-width: 314px) 100vw, 314px\" \/><\/a><\/p>\n<hr \/>\n<h3 style=\"text-align: center\"><strong>Avec la participation de la soci\u00e9t\u00e9 DiDaXo<\/strong><\/h3>\n<h3 style=\"text-align: center\"><strong>Le sp\u00e9cialiste agr\u00e9\u00e9 et certifi\u00e9 Adobe Captivate\u00a0<\/strong><\/h3>\n<p>&nbsp;<\/p>\n<p style=\"text-align: center\"><strong><em><u><img decoding=\"async\" loading=\"lazy\" class=\"aligncenter size-full wp-image-7124\" src=\"https:\/\/www.meetingone.com\/eu-fr\/wp-content\/uploads\/sites\/7\/2020\/01\/Didaxo.png\" alt=\"Didaxo logo\" width=\"179\" height=\"50\" \/><br \/>\n<span style=\"color: #bb2025\"><a style=\"color: #bb2025\" href=\"https:\/\/didaxo.be\/\" target=\"_blank\">Next Gen Learning Toolbox and Facilities\u00a0<\/a><\/span><\/u><\/em><\/strong><\/p>\n","protected":false},"excerpt":{"rendered":"<p>Le Learning Technologies France 2020 ouvre ses portes ces 5 et 6 f\u00e9vrier \u00e0 la Porte de Versailles &#8211; Paris.\u00a0MeetingOne France vous accueillera sur le stand G92, \u00e0 l\u2019occasion de ce prestigieux salon pour vous accompagner dans vos projets d\u2019elearning avec le support des solutions Adobe E-Learning. &nbsp; V\u00e9ritable \u00e9v\u00e8nement de r\u00e9f\u00e9rence en Europe dans [&hellip;]<\/p>\n","protected":false},"author":12,"featured_media":7120,"comment_status":"closed","ping_status":"closed","sticky":false,"template":"","format":"standard","meta":{"footnotes":""},"categories":[],"tags":[],"yoast_head":"<!-- This site is optimized with the Yoast SEO plugin v21.2 - https:\/\/yoast.com\/wordpress\/plugins\/seo\/ -->\n<title>MeetingOne France et Adobe pr\u00e9sentent leurs solutions d\u2019e-Learning - MeetingOne French<\/title>\n<meta name=\"description\" content=\"Le Learning Technologies France 2020 ouvre ses portes ces 5 et 6 f\u00e9vrier. MeetingOne France vous accueillera sur le stand G92 !\" \/>\n<meta name=\"robots\" content=\"index, follow, max-snippet:-1, max-image-preview:large, max-video-preview:-1\" \/>\n<link rel=\"canonical\" href=\"https:\/\/www.meetingone.com\/eu-fr\/blog\/meetingone-solutions-d-e-learning\/\" \/>\n<meta property=\"og:locale\" content=\"en_US\" \/>\n<meta property=\"og:type\" content=\"article\" \/>\n<meta property=\"og:title\" content=\"MeetingOne France et Adobe pr\u00e9sentent leurs solutions d\u2019e-Learning - MeetingOne French\" \/>\n<meta property=\"og:description\" content=\"Le Learning Technologies France 2020 ouvre ses portes ces 5 et 6 f\u00e9vrier. MeetingOne France vous accueillera sur le stand G92 !\" \/>\n<meta property=\"og:url\" content=\"https:\/\/www.meetingone.com\/eu-fr\/blog\/meetingone-solutions-d-e-learning\/\" \/>\n<meta property=\"og:site_name\" content=\"MeetingOne French\" \/>\n<meta property=\"article:publisher\" content=\"https:\/\/www.facebook.com\/MeetingOne\" \/>\n<meta property=\"article:published_time\" content=\"2020-01-22T17:34:56+00:00\" \/>\n<meta property=\"article:modified_time\" content=\"2020-01-28T18:22:38+00:00\" \/>\n<meta property=\"og:image\" content=\"https:\/\/www.meetingone.com\/eu-fr\/wp-content\/uploads\/sites\/7\/2020\/01\/Feature-image-Learning-technologies-2020.jpg\" \/>\n\t<meta property=\"og:image:width\" content=\"500\" \/>\n\t<meta property=\"og:image:height\" content=\"400\" \/>\n\t<meta property=\"og:image:type\" content=\"image\/jpeg\" \/>\n<meta name=\"author\" content=\"Joel Byerly\" \/>\n<meta name=\"twitter:card\" content=\"summary_large_image\" \/>\n<meta name=\"twitter:creator\" content=\"@meetingone\" \/>\n<meta name=\"twitter:site\" content=\"@meetingone\" \/>\n<meta name=\"twitter:label1\" content=\"Written by\" \/>\n\t<meta name=\"twitter:data1\" content=\"Joel Byerly\" \/>\n\t<meta name=\"twitter:label2\" content=\"Est. reading time\" \/>\n\t<meta name=\"twitter:data2\" content=\"1 minute\" \/>\n<script type=\"application\/ld+json\" class=\"yoast-schema-graph\">{\"@context\":\"https:\/\/schema.org\",\"@graph\":[{\"@type\":\"WebPage\",\"@id\":\"https:\/\/www.meetingone.com\/eu-fr\/blog\/meetingone-solutions-d-e-learning\/\",\"url\":\"https:\/\/www.meetingone.com\/eu-fr\/blog\/meetingone-solutions-d-e-learning\/\",\"name\":\"MeetingOne France et Adobe pr\u00e9sentent leurs solutions d\u2019e-Learning - MeetingOne French\",\"isPartOf\":{\"@id\":\"https:\/\/www.meetingone.com\/eu-fr\/#website\"},\"datePublished\":\"2020-01-22T17:34:56+00:00\",\"dateModified\":\"2020-01-28T18:22:38+00:00\",\"author\":{\"@id\":\"https:\/\/www.meetingone.com\/eu-fr\/#\/schema\/person\/1698bd0181e28dafb0e40c821a7294a5\"},\"description\":\"Le Learning Technologies France 2020 ouvre ses portes ces 5 et 6 f\u00e9vrier. MeetingOne France vous accueillera sur le stand G92 !\",\"breadcrumb\":{\"@id\":\"https:\/\/www.meetingone.com\/eu-fr\/blog\/meetingone-solutions-d-e-learning\/#breadcrumb\"},\"inLanguage\":\"en-US\",\"potentialAction\":[{\"@type\":\"ReadAction\",\"target\":[\"https:\/\/www.meetingone.com\/eu-fr\/blog\/meetingone-solutions-d-e-learning\/\"]}]},{\"@type\":\"BreadcrumbList\",\"@id\":\"https:\/\/www.meetingone.com\/eu-fr\/blog\/meetingone-solutions-d-e-learning\/#breadcrumb\",\"itemListElement\":[{\"@type\":\"ListItem\",\"position\":1,\"name\":\"Home\",\"item\":\"https:\/\/www.meetingone.com\/eu-fr\/\"},{\"@type\":\"ListItem\",\"position\":2,\"name\":\"MeetingOne France et Adobe pr\u00e9sentent leurs solutions d\u2019e-Learning\"}]},{\"@type\":\"WebSite\",\"@id\":\"https:\/\/www.meetingone.com\/eu-fr\/#website\",\"url\":\"https:\/\/www.meetingone.com\/eu-fr\/\",\"name\":\"MeetingOne French\",\"description\":\"\",\"potentialAction\":[{\"@type\":\"SearchAction\",\"target\":{\"@type\":\"EntryPoint\",\"urlTemplate\":\"https:\/\/www.meetingone.com\/eu-fr\/?s={search_term_string}\"},\"query-input\":\"required name=search_term_string\"}],\"inLanguage\":\"en-US\"},{\"@type\":\"Person\",\"@id\":\"https:\/\/www.meetingone.com\/eu-fr\/#\/schema\/person\/1698bd0181e28dafb0e40c821a7294a5\",\"name\":\"Joel Byerly\",\"image\":{\"@type\":\"ImageObject\",\"inLanguage\":\"en-US\",\"@id\":\"https:\/\/www.meetingone.com\/eu-fr\/#\/schema\/person\/image\/\",\"url\":\"https:\/\/secure.gravatar.com\/avatar\/55c3a9055e36836063ce90b8ee8c3e0a?s=96&d=mm&r=g\",\"contentUrl\":\"https:\/\/secure.gravatar.com\/avatar\/55c3a9055e36836063ce90b8ee8c3e0a?s=96&d=mm&r=g\",\"caption\":\"Joel Byerly\"},\"url\":\"https:\/\/www.meetingone.com\/eu-fr\/blog\/author\/jbyerly\/\"}]}<\/script>\n<!-- \/ Yoast SEO plugin. -->","yoast_head_json":{"title":"MeetingOne France et Adobe pr\u00e9sentent leurs solutions d\u2019e-Learning - MeetingOne French","description":"Le Learning Technologies France 2020 ouvre ses portes ces 5 et 6 f\u00e9vrier. MeetingOne France vous accueillera sur le stand G92 !","robots":{"index":"index","follow":"follow","max-snippet":"max-snippet:-1","max-image-preview":"max-image-preview:large","max-video-preview":"max-video-preview:-1"},"canonical":"https:\/\/www.meetingone.com\/eu-fr\/blog\/meetingone-solutions-d-e-learning\/","og_locale":"en_US","og_type":"article","og_title":"MeetingOne France et Adobe pr\u00e9sentent leurs solutions d\u2019e-Learning - MeetingOne French","og_description":"Le Learning Technologies France 2020 ouvre ses portes ces 5 et 6 f\u00e9vrier. MeetingOne France vous accueillera sur le stand G92 !","og_url":"https:\/\/www.meetingone.com\/eu-fr\/blog\/meetingone-solutions-d-e-learning\/","og_site_name":"MeetingOne French","article_publisher":"https:\/\/www.facebook.com\/MeetingOne","article_published_time":"2020-01-22T17:34:56+00:00","article_modified_time":"2020-01-28T18:22:38+00:00","og_image":[{"width":500,"height":400,"url":"https:\/\/www.meetingone.com\/eu-fr\/wp-content\/uploads\/sites\/7\/2020\/01\/Feature-image-Learning-technologies-2020.jpg","type":"image\/jpeg"}],"author":"Joel Byerly","twitter_card":"summary_large_image","twitter_creator":"@meetingone","twitter_site":"@meetingone","twitter_misc":{"Written by":"Joel Byerly","Est. reading time":"1 minute"},"schema":{"@context":"https:\/\/schema.org","@graph":[{"@type":"WebPage","@id":"https:\/\/www.meetingone.com\/eu-fr\/blog\/meetingone-solutions-d-e-learning\/","url":"https:\/\/www.meetingone.com\/eu-fr\/blog\/meetingone-solutions-d-e-learning\/","name":"MeetingOne France et Adobe pr\u00e9sentent leurs solutions d\u2019e-Learning - MeetingOne French","isPartOf":{"@id":"https:\/\/www.meetingone.com\/eu-fr\/#website"},"datePublished":"2020-01-22T17:34:56+00:00","dateModified":"2020-01-28T18:22:38+00:00","author":{"@id":"https:\/\/www.meetingone.com\/eu-fr\/#\/schema\/person\/1698bd0181e28dafb0e40c821a7294a5"},"description":"Le Learning Technologies France 2020 ouvre ses portes ces 5 et 6 f\u00e9vrier. MeetingOne France vous accueillera sur le stand G92 !","breadcrumb":{"@id":"https:\/\/www.meetingone.com\/eu-fr\/blog\/meetingone-solutions-d-e-learning\/#breadcrumb"},"inLanguage":"en-US","potentialAction":[{"@type":"ReadAction","target":["https:\/\/www.meetingone.com\/eu-fr\/blog\/meetingone-solutions-d-e-learning\/"]}]},{"@type":"BreadcrumbList","@id":"https:\/\/www.meetingone.com\/eu-fr\/blog\/meetingone-solutions-d-e-learning\/#breadcrumb","itemListElement":[{"@type":"ListItem","position":1,"name":"Home","item":"https:\/\/www.meetingone.com\/eu-fr\/"},{"@type":"ListItem","position":2,"name":"MeetingOne France et Adobe pr\u00e9sentent leurs solutions d\u2019e-Learning"}]},{"@type":"WebSite","@id":"https:\/\/www.meetingone.com\/eu-fr\/#website","url":"https:\/\/www.meetingone.com\/eu-fr\/","name":"MeetingOne French","description":"","potentialAction":[{"@type":"SearchAction","target":{"@type":"EntryPoint","urlTemplate":"https:\/\/www.meetingone.com\/eu-fr\/?s={search_term_string}"},"query-input":"required name=search_term_string"}],"inLanguage":"en-US"},{"@type":"Person","@id":"https:\/\/www.meetingone.com\/eu-fr\/#\/schema\/person\/1698bd0181e28dafb0e40c821a7294a5","name":"Joel Byerly","image":{"@type":"ImageObject","inLanguage":"en-US","@id":"https:\/\/www.meetingone.com\/eu-fr\/#\/schema\/person\/image\/","url":"https:\/\/secure.gravatar.com\/avatar\/55c3a9055e36836063ce90b8ee8c3e0a?s=96&d=mm&r=g","contentUrl":"https:\/\/secure.gravatar.com\/avatar\/55c3a9055e36836063ce90b8ee8c3e0a?s=96&d=mm&r=g","caption":"Joel Byerly"},"url":"https:\/\/www.meetingone.com\/eu-fr\/blog\/author\/jbyerly\/"}]}},"_links":{"self":[{"href":"https:\/\/www.meetingone.com\/eu-fr\/wp-json\/wp\/v2\/posts\/7113"}],"collection":[{"href":"https:\/\/www.meetingone.com\/eu-fr\/wp-json\/wp\/v2\/posts"}],"about":[{"href":"https:\/\/www.meetingone.com\/eu-fr\/wp-json\/wp\/v2\/types\/post"}],"author":[{"embeddable":true,"href":"https:\/\/www.meetingone.com\/eu-fr\/wp-json\/wp\/v2\/users\/12"}],"replies":[{"embeddable":true,"href":"https:\/\/www.meetingone.com\/eu-fr\/wp-json\/wp\/v2\/comments?post=7113"}],"version-history":[{"count":8,"href":"https:\/\/www.meetingone.com\/eu-fr\/wp-json\/wp\/v2\/posts\/7113\/revisions"}],"predecessor-version":[{"id":7127,"href":"https:\/\/www.meetingone.com\/eu-fr\/wp-json\/wp\/v2\/posts\/7113\/revisions\/7127"}],"wp:featuredmedia":[{"embeddable":true,"href":"https:\/\/www.meetingone.com\/eu-fr\/wp-json\/wp\/v2\/media\/7120"}],"wp:attachment":[{"href":"https:\/\/www.meetingone.com\/eu-fr\/wp-json\/wp\/v2\/media?parent=7113"}],"wp:term":[{"taxonomy":"category","embeddable":true,"href":"https:\/\/www.meetingone.com\/eu-fr\/wp-json\/wp\/v2\/categories?post=7113"},{"taxonomy":"post_tag","embeddable":true,"href":"https:\/\/www.meetingone.com\/eu-fr\/wp-json\/wp\/v2\/tags?post=7113"}],"curies":[{"name":"wp","href":"https:\/\/api.w.org\/{rel}","templated":true}]}}