{"id":6588,"date":"2018-03-09T11:17:57","date_gmt":"2018-03-09T18:17:57","guid":{"rendered":"https:\/\/www.meetingone.eu\/eu-fr\/?p=6588"},"modified":"2018-03-09T11:17:57","modified_gmt":"2018-03-09T18:17:57","slug":"5-bonnes-raisons-de-venir-rencontrer-lequipe-meetingone-myclassevirtuelle-a-lelearning-expo-2018-a-paris","status":"publish","type":"post","link":"https:\/\/www.meetingone.com\/eu-fr\/blog\/5-bonnes-raisons-de-venir-rencontrer-lequipe-meetingone-myclassevirtuelle-a-lelearning-expo-2018-a-paris\/","title":{"rendered":"5 bonnes raisons de venir rencontrer l\u2019\u00e9quipe MeetingOne  &amp; MyClassevirtuelle \u00e0 l\u2019eLearning Expo 2018, \u00e0 Paris !"},"content":{"rendered":"<hr \/>\n<p><span style=\"color: #bb2025\"><strong><a style=\"color: #bb2025\" href=\"http:\/\/www.e-learning-expo.com\/\" target=\"_blank\">L\u2019eLearning Expo<\/a><\/strong><\/span>, le salon de la formation et du digital learning, rouvre ses portes les 20, 21 et 22 mars \u00e0 la Porte de Versailles, \u00e0 Paris.<\/p>\n<p>&nbsp;<\/p>\n<p>L\u2019\u00e9quipe MeetingOne en partenariat avec MyClassevirtuelle vous y attend avec impatience sur le stand F27.<\/p>\n<hr \/>\n<p>&nbsp;<\/p>\n<p>&nbsp;<\/p>\n<h2><span style=\"color: #bb2025\">Voici 5 bonnes raisons de venir nous rencontrer !<\/span><\/h2>\n<h3><span style=\"color: #f68920\">#1. Echanger avec un duo d\u2019experts sur les bonnes pratiques de la formation et du digital learning<\/span><\/h3>\n<p>En tant que premier fournisseur de la solution de webconf\u00e9rence <span style=\"color: #bb2025\"><strong><a style=\"color: #bb2025\" href=\"https:\/\/www.meetingone.com\/eu-fr\/adobe-connect\/\" target=\"_blank\">Adobe Connect<\/a><\/strong><\/span>, MeetingOne a d\u00e9velopp\u00e9 une expertise technique dans l\u2019utilisation de la classe virtuelle en offrant un service\u00a0 support personnalis\u00e9 \u00e0 nos clients.<\/p>\n<p><a href=\"https:\/\/www.meetingone.com\/eu-fr\/wp-content\/uploads\/sites\/7\/2016\/01\/admin-ajax.jpeg\" rel=\"attachment wp-att-4713\"><img decoding=\"async\" loading=\"lazy\" class=\"aligncenter size-full wp-image-4713\" src=\"https:\/\/www.meetingone.com\/eu-fr\/wp-content\/uploads\/sites\/7\/2016\/01\/admin-ajax.jpeg\" alt=\"admin-ajax\" width=\"400\" height=\"266\" \/><\/a><\/p>\n<p>Notre partenaire MyClasseVirtuelle est le sp\u00e9cialiste aupr\u00e8s des entreprises dans l\u2019accompagnement et le d\u00e9ploiement des formations en classe virtuelle. Il assure l\u2019impl\u00e9mentation de la solution au sein des entreprises, la formation d\u2019animateurs et co-animateurs, la conception de leurs supports, la co-animation en direct et la pr\u00e9paration des participants.<\/p>\n<hr \/>\n<p>&nbsp;<\/p>\n<p>&nbsp;<\/p>\n<h3><span style=\"color: #f68920\">#2. R\u00e9duire les co\u00fbts de vos formations<\/span><\/h3>\n<p>Dans un monde de plus en plus global, le co\u00fbt de la formation en pr\u00e9sentiel devient de plus en plus \u00e9lev\u00e9 \u2026 sauf si vous envisager la formation digitale qui permet de communiquer et de dialoguer avec des collaborateurs aux quatre coins de la plan\u00e8te\u00a0!<\/p>\n<hr \/>\n<p>&nbsp;<\/p>\n<p>&nbsp;<\/p>\n<h3><span style=\"color: #f68920\">#3. <\/span><span style=\"color: #f68920\">D\u00e9ployez massivement vos formations<\/span><\/h3>\n<p>Nos solutions rendent possible le d\u00e9ploiement \u00e0 grande \u00e9chelle de vos formations, r\u00e9unions de travail, s\u00e9minaires et autres.<\/p>\n<hr \/>\n<p>&nbsp;<\/p>\n<p>&nbsp;<\/p>\n<h3><span style=\"color: #f68920\">#4. Favoriser l\u2019engagement de vos participants<\/span><\/h3>\n<p>Rendez vos formations dynamiques et interactives. Devenez un pro de cette nouvelle approche de la formation gr\u00e2ce \u00e0 nos solutions\u00a0!<\/p>\n<hr \/>\n<p>&nbsp;<\/p>\n<p>&nbsp;<\/p>\n<h3><span style=\"color: #f68920\">#5. Programmer une d\u00e9monstration personnalis\u00e9e<\/span><\/h3>\n<p>Nous vous proposons des d\u00e9monstrations gratuites pour vous familiariser avec nos solutions\u00a0!<\/p>\n<p>Nos \u00e9quipes seront heureuses de vous faire d\u00e9couvrir nos solutions pour vous lancer ou vous sp\u00e9cialiser dans la classe virtuelle\u00a0!<\/p>\n<hr \/>\n<p>&nbsp;<\/p>\n<p><a href=\"https:\/\/www.meetingone.com\/eu-fr\/wp-content\/uploads\/sites\/7\/2018\/04\/Schedule-a-virtual-demo-300x154.png\" rel=\"attachment wp-att-5406\"><img decoding=\"async\" loading=\"lazy\" class=\"aligncenter size-full wp-image-5406\" src=\"https:\/\/www.meetingone.com\/eu-fr\/wp-content\/uploads\/sites\/7\/2018\/04\/Schedule-a-virtual-demo-300x154.png\" alt=\"Schedule-a-virtual-demo-300x154\" width=\"300\" height=\"154\" \/><\/a><\/p>\n<h2 style=\"text-align: center\"><span style=\"color: #bb2025\">Alors, le rendez-vous est pris\u00a0?<\/span><\/h2>\n<h3 style=\"text-align: center\"><span style=\"color: #f68920\">A tr\u00e8s vite\u00a0!<\/span><\/h3>\n<p>&nbsp;<\/p>\n<p>&nbsp;<\/p>\n<p>&nbsp;<\/p>\n","protected":false},"excerpt":{"rendered":"<p>L\u2019eLearning Expo, le salon de la formation et du digital learning, rouvre ses portes les 20, 21 et 22 mars \u00e0 la Porte de Versailles, \u00e0 Paris. &nbsp; L\u2019\u00e9quipe MeetingOne en partenariat avec MyClassevirtuelle vous y attend avec impatience sur le stand F27. &nbsp; &nbsp; Voici 5 bonnes raisons de venir nous rencontrer ! #1. [&hellip;]<\/p>\n","protected":false},"author":12,"featured_media":0,"comment_status":"closed","ping_status":"closed","sticky":false,"template":"","format":"standard","meta":{"footnotes":""},"categories":[6,2,4],"tags":[],"yoast_head":"<!-- This site is optimized with the Yoast SEO plugin v21.2 - https:\/\/yoast.com\/wordpress\/plugins\/seo\/ -->\n<title>5 bonnes raisons de venir rencontrer l\u2019\u00e9quipe MeetingOne &amp; MyClassevirtuelle \u00e0 l\u2019eLearning Expo 2018, \u00e0 Paris ! - MeetingOne French<\/title>\n<meta name=\"description\" content=\"L\u2019\u00e9quipe MeetingOne en partenariat avec MyClassevirtuelle vous y attend avec impatience sur le stand F27.\u00a0\" \/>\n<meta name=\"robots\" content=\"index, follow, max-snippet:-1, max-image-preview:large, max-video-preview:-1\" \/>\n<link rel=\"canonical\" href=\"https:\/\/www.meetingone.com\/eu-fr\/blog\/5-bonnes-raisons-de-venir-rencontrer-lequipe-meetingone-myclassevirtuelle-a-lelearning-expo-2018-a-paris\/\" \/>\n<meta property=\"og:locale\" content=\"en_US\" \/>\n<meta property=\"og:type\" content=\"article\" \/>\n<meta property=\"og:title\" content=\"5 bonnes raisons de venir rencontrer l\u2019\u00e9quipe MeetingOne &amp; MyClassevirtuelle \u00e0 l\u2019eLearning Expo 2018, \u00e0 Paris ! - MeetingOne French\" \/>\n<meta property=\"og:description\" content=\"L\u2019\u00e9quipe MeetingOne en partenariat avec MyClassevirtuelle vous y attend avec impatience sur le stand F27.\u00a0\" \/>\n<meta property=\"og:url\" content=\"https:\/\/www.meetingone.com\/eu-fr\/blog\/5-bonnes-raisons-de-venir-rencontrer-lequipe-meetingone-myclassevirtuelle-a-lelearning-expo-2018-a-paris\/\" \/>\n<meta property=\"og:site_name\" content=\"MeetingOne French\" \/>\n<meta property=\"article:publisher\" content=\"https:\/\/www.facebook.com\/MeetingOne\" \/>\n<meta property=\"article:published_time\" content=\"2018-03-09T18:17:57+00:00\" \/>\n<meta property=\"og:image\" content=\"https:\/\/www.meetingone.com\/eu-fr\/wp-content\/uploads\/sites\/7\/2016\/01\/admin-ajax.jpeg\" \/>\n<meta name=\"author\" content=\"Joel Byerly\" \/>\n<meta name=\"twitter:card\" content=\"summary_large_image\" \/>\n<meta name=\"twitter:creator\" content=\"@meetingone\" \/>\n<meta name=\"twitter:site\" content=\"@meetingone\" \/>\n<meta name=\"twitter:label1\" content=\"Written by\" \/>\n\t<meta name=\"twitter:data1\" content=\"Joel Byerly\" \/>\n\t<meta name=\"twitter:label2\" content=\"Est. reading time\" \/>\n\t<meta name=\"twitter:data2\" content=\"2 minutes\" \/>\n<script type=\"application\/ld+json\" class=\"yoast-schema-graph\">{\"@context\":\"https:\/\/schema.org\",\"@graph\":[{\"@type\":\"WebPage\",\"@id\":\"https:\/\/www.meetingone.com\/eu-fr\/blog\/5-bonnes-raisons-de-venir-rencontrer-lequipe-meetingone-myclassevirtuelle-a-lelearning-expo-2018-a-paris\/\",\"url\":\"https:\/\/www.meetingone.com\/eu-fr\/blog\/5-bonnes-raisons-de-venir-rencontrer-lequipe-meetingone-myclassevirtuelle-a-lelearning-expo-2018-a-paris\/\",\"name\":\"5 bonnes raisons de venir rencontrer l\u2019\u00e9quipe MeetingOne &amp; MyClassevirtuelle \u00e0 l\u2019eLearning Expo 2018, \u00e0 Paris ! - MeetingOne French\",\"isPartOf\":{\"@id\":\"https:\/\/www.meetingone.com\/eu-fr\/#website\"},\"datePublished\":\"2018-03-09T18:17:57+00:00\",\"dateModified\":\"2018-03-09T18:17:57+00:00\",\"author\":{\"@id\":\"https:\/\/www.meetingone.com\/eu-fr\/#\/schema\/person\/1698bd0181e28dafb0e40c821a7294a5\"},\"description\":\"L\u2019\u00e9quipe MeetingOne en partenariat avec MyClassevirtuelle vous y attend avec impatience sur le stand F27.\u00a0\",\"breadcrumb\":{\"@id\":\"https:\/\/www.meetingone.com\/eu-fr\/blog\/5-bonnes-raisons-de-venir-rencontrer-lequipe-meetingone-myclassevirtuelle-a-lelearning-expo-2018-a-paris\/#breadcrumb\"},\"inLanguage\":\"en-US\",\"potentialAction\":[{\"@type\":\"ReadAction\",\"target\":[\"https:\/\/www.meetingone.com\/eu-fr\/blog\/5-bonnes-raisons-de-venir-rencontrer-lequipe-meetingone-myclassevirtuelle-a-lelearning-expo-2018-a-paris\/\"]}]},{\"@type\":\"BreadcrumbList\",\"@id\":\"https:\/\/www.meetingone.com\/eu-fr\/blog\/5-bonnes-raisons-de-venir-rencontrer-lequipe-meetingone-myclassevirtuelle-a-lelearning-expo-2018-a-paris\/#breadcrumb\",\"itemListElement\":[{\"@type\":\"ListItem\",\"position\":1,\"name\":\"Home\",\"item\":\"https:\/\/www.meetingone.com\/eu-fr\/\"},{\"@type\":\"ListItem\",\"position\":2,\"name\":\"5 bonnes raisons de venir rencontrer l\u2019\u00e9quipe MeetingOne &amp; MyClassevirtuelle \u00e0 l\u2019eLearning Expo 2018, \u00e0 Paris !\"}]},{\"@type\":\"WebSite\",\"@id\":\"https:\/\/www.meetingone.com\/eu-fr\/#website\",\"url\":\"https:\/\/www.meetingone.com\/eu-fr\/\",\"name\":\"MeetingOne French\",\"description\":\"\",\"potentialAction\":[{\"@type\":\"SearchAction\",\"target\":{\"@type\":\"EntryPoint\",\"urlTemplate\":\"https:\/\/www.meetingone.com\/eu-fr\/?s={search_term_string}\"},\"query-input\":\"required name=search_term_string\"}],\"inLanguage\":\"en-US\"},{\"@type\":\"Person\",\"@id\":\"https:\/\/www.meetingone.com\/eu-fr\/#\/schema\/person\/1698bd0181e28dafb0e40c821a7294a5\",\"name\":\"Joel Byerly\",\"image\":{\"@type\":\"ImageObject\",\"inLanguage\":\"en-US\",\"@id\":\"https:\/\/www.meetingone.com\/eu-fr\/#\/schema\/person\/image\/\",\"url\":\"https:\/\/secure.gravatar.com\/avatar\/55c3a9055e36836063ce90b8ee8c3e0a?s=96&d=mm&r=g\",\"contentUrl\":\"https:\/\/secure.gravatar.com\/avatar\/55c3a9055e36836063ce90b8ee8c3e0a?s=96&d=mm&r=g\",\"caption\":\"Joel Byerly\"},\"url\":\"https:\/\/www.meetingone.com\/eu-fr\/blog\/author\/jbyerly\/\"}]}<\/script>\n<!-- \/ Yoast SEO plugin. -->","yoast_head_json":{"title":"5 bonnes raisons de venir rencontrer l\u2019\u00e9quipe MeetingOne &amp; MyClassevirtuelle \u00e0 l\u2019eLearning Expo 2018, \u00e0 Paris ! - MeetingOne French","description":"L\u2019\u00e9quipe MeetingOne en partenariat avec MyClassevirtuelle vous y attend avec impatience sur le stand F27.\u00a0","robots":{"index":"index","follow":"follow","max-snippet":"max-snippet:-1","max-image-preview":"max-image-preview:large","max-video-preview":"max-video-preview:-1"},"canonical":"https:\/\/www.meetingone.com\/eu-fr\/blog\/5-bonnes-raisons-de-venir-rencontrer-lequipe-meetingone-myclassevirtuelle-a-lelearning-expo-2018-a-paris\/","og_locale":"en_US","og_type":"article","og_title":"5 bonnes raisons de venir rencontrer l\u2019\u00e9quipe MeetingOne &amp; MyClassevirtuelle \u00e0 l\u2019eLearning Expo 2018, \u00e0 Paris ! - MeetingOne French","og_description":"L\u2019\u00e9quipe MeetingOne en partenariat avec MyClassevirtuelle vous y attend avec impatience sur le stand F27.\u00a0","og_url":"https:\/\/www.meetingone.com\/eu-fr\/blog\/5-bonnes-raisons-de-venir-rencontrer-lequipe-meetingone-myclassevirtuelle-a-lelearning-expo-2018-a-paris\/","og_site_name":"MeetingOne French","article_publisher":"https:\/\/www.facebook.com\/MeetingOne","article_published_time":"2018-03-09T18:17:57+00:00","og_image":[{"url":"https:\/\/www.meetingone.com\/eu-fr\/wp-content\/uploads\/sites\/7\/2016\/01\/admin-ajax.jpeg"}],"author":"Joel Byerly","twitter_card":"summary_large_image","twitter_creator":"@meetingone","twitter_site":"@meetingone","twitter_misc":{"Written by":"Joel Byerly","Est. reading time":"2 minutes"},"schema":{"@context":"https:\/\/schema.org","@graph":[{"@type":"WebPage","@id":"https:\/\/www.meetingone.com\/eu-fr\/blog\/5-bonnes-raisons-de-venir-rencontrer-lequipe-meetingone-myclassevirtuelle-a-lelearning-expo-2018-a-paris\/","url":"https:\/\/www.meetingone.com\/eu-fr\/blog\/5-bonnes-raisons-de-venir-rencontrer-lequipe-meetingone-myclassevirtuelle-a-lelearning-expo-2018-a-paris\/","name":"5 bonnes raisons de venir rencontrer l\u2019\u00e9quipe MeetingOne &amp; MyClassevirtuelle \u00e0 l\u2019eLearning Expo 2018, \u00e0 Paris ! - MeetingOne French","isPartOf":{"@id":"https:\/\/www.meetingone.com\/eu-fr\/#website"},"datePublished":"2018-03-09T18:17:57+00:00","dateModified":"2018-03-09T18:17:57+00:00","author":{"@id":"https:\/\/www.meetingone.com\/eu-fr\/#\/schema\/person\/1698bd0181e28dafb0e40c821a7294a5"},"description":"L\u2019\u00e9quipe MeetingOne en partenariat avec MyClassevirtuelle vous y attend avec impatience sur le stand F27.\u00a0","breadcrumb":{"@id":"https:\/\/www.meetingone.com\/eu-fr\/blog\/5-bonnes-raisons-de-venir-rencontrer-lequipe-meetingone-myclassevirtuelle-a-lelearning-expo-2018-a-paris\/#breadcrumb"},"inLanguage":"en-US","potentialAction":[{"@type":"ReadAction","target":["https:\/\/www.meetingone.com\/eu-fr\/blog\/5-bonnes-raisons-de-venir-rencontrer-lequipe-meetingone-myclassevirtuelle-a-lelearning-expo-2018-a-paris\/"]}]},{"@type":"BreadcrumbList","@id":"https:\/\/www.meetingone.com\/eu-fr\/blog\/5-bonnes-raisons-de-venir-rencontrer-lequipe-meetingone-myclassevirtuelle-a-lelearning-expo-2018-a-paris\/#breadcrumb","itemListElement":[{"@type":"ListItem","position":1,"name":"Home","item":"https:\/\/www.meetingone.com\/eu-fr\/"},{"@type":"ListItem","position":2,"name":"5 bonnes raisons de venir rencontrer l\u2019\u00e9quipe MeetingOne &amp; MyClassevirtuelle \u00e0 l\u2019eLearning Expo 2018, \u00e0 Paris !"}]},{"@type":"WebSite","@id":"https:\/\/www.meetingone.com\/eu-fr\/#website","url":"https:\/\/www.meetingone.com\/eu-fr\/","name":"MeetingOne French","description":"","potentialAction":[{"@type":"SearchAction","target":{"@type":"EntryPoint","urlTemplate":"https:\/\/www.meetingone.com\/eu-fr\/?s={search_term_string}"},"query-input":"required name=search_term_string"}],"inLanguage":"en-US"},{"@type":"Person","@id":"https:\/\/www.meetingone.com\/eu-fr\/#\/schema\/person\/1698bd0181e28dafb0e40c821a7294a5","name":"Joel Byerly","image":{"@type":"ImageObject","inLanguage":"en-US","@id":"https:\/\/www.meetingone.com\/eu-fr\/#\/schema\/person\/image\/","url":"https:\/\/secure.gravatar.com\/avatar\/55c3a9055e36836063ce90b8ee8c3e0a?s=96&d=mm&r=g","contentUrl":"https:\/\/secure.gravatar.com\/avatar\/55c3a9055e36836063ce90b8ee8c3e0a?s=96&d=mm&r=g","caption":"Joel Byerly"},"url":"https:\/\/www.meetingone.com\/eu-fr\/blog\/author\/jbyerly\/"}]}},"_links":{"self":[{"href":"https:\/\/www.meetingone.com\/eu-fr\/wp-json\/wp\/v2\/posts\/6588"}],"collection":[{"href":"https:\/\/www.meetingone.com\/eu-fr\/wp-json\/wp\/v2\/posts"}],"about":[{"href":"https:\/\/www.meetingone.com\/eu-fr\/wp-json\/wp\/v2\/types\/post"}],"author":[{"embeddable":true,"href":"https:\/\/www.meetingone.com\/eu-fr\/wp-json\/wp\/v2\/users\/12"}],"replies":[{"embeddable":true,"href":"https:\/\/www.meetingone.com\/eu-fr\/wp-json\/wp\/v2\/comments?post=6588"}],"version-history":[{"count":1,"href":"https:\/\/www.meetingone.com\/eu-fr\/wp-json\/wp\/v2\/posts\/6588\/revisions"}],"predecessor-version":[{"id":6590,"href":"https:\/\/www.meetingone.com\/eu-fr\/wp-json\/wp\/v2\/posts\/6588\/revisions\/6590"}],"wp:attachment":[{"href":"https:\/\/www.meetingone.com\/eu-fr\/wp-json\/wp\/v2\/media?parent=6588"}],"wp:term":[{"taxonomy":"category","embeddable":true,"href":"https:\/\/www.meetingone.com\/eu-fr\/wp-json\/wp\/v2\/categories?post=6588"},{"taxonomy":"post_tag","embeddable":true,"href":"https:\/\/www.meetingone.com\/eu-fr\/wp-json\/wp\/v2\/tags?post=6588"}],"curies":[{"name":"wp","href":"https:\/\/api.w.org\/{rel}","templated":true}]}}