{"id":5095,"date":"2018-01-09T10:18:04","date_gmt":"2018-01-09T17:18:04","guid":{"rendered":"https:\/\/www.meetingone.eu\/eu-fr\/?p=5095"},"modified":"2018-01-10T12:01:34","modified_gmt":"2018-01-10T19:01:34","slug":"ilearning-forum-ouvre-bientot-ses-portes","status":"publish","type":"post","link":"https:\/\/www.meetingone.com\/eu-fr\/blog\/ilearning-forum-ouvre-bientot-ses-portes\/","title":{"rendered":"L\u2019 iLearning Forum ouvre bient\u00f4t ses portes"},"content":{"rendered":"<p><a href=\"http:\/\/www.learningtechnologiesfrance.com\" target=\"_blank\" rel=\"attachment wp-att-6398\"><img decoding=\"async\" loading=\"lazy\" class=\"aligncenter wp-image-6398 size-full\" src=\"https:\/\/www.meetingone.com\/eu-fr\/wp-content\/uploads\/sites\/7\/2017\/01\/iLearning-Forum-2018-email-header-01.png\" alt=\"classevirtuelle\" width=\"600\" height=\"275\" srcset=\"https:\/\/www.meetingone.com\/eu-fr\/wp-content\/uploads\/sites\/7\/2017\/01\/iLearning-Forum-2018-email-header-01.png 600w, https:\/\/www.meetingone.com\/eu-fr\/wp-content\/uploads\/sites\/7\/2017\/01\/iLearning-Forum-2018-email-header-01-300x138.png 300w\" sizes=\"(max-width: 600px) 100vw, 600px\" \/><\/a><\/p>\n<p>&nbsp;<\/p>\n<p><a href=\"http:\/\/www.learningtechnologiesfrance.com\/\" target=\"_blank\"><strong><span style=\"color: #bb2025\">L\u2019 iLearning Forum<\/span><\/strong><\/a> ouvre ses portes ces 23 et 24 janvier RDV \u00e0 l\u2019E<span style=\"color: #000000\">space<\/span> Champerret \u00e0 Paris.<strong> MeetingOne <\/strong>vous accueillera sur le stand E40, \u00e0 l\u2019occasion de ce prestigieux salon pour vous accompagner dans vos projets de classe virtuelle.<\/p>\n<p>&nbsp;<\/p>\n<p><span style=\"color: #f68920\"><strong>V\u00e9ritable \u00e9v\u00e8nement de r\u00e9f\u00e9rence en Europe dans le domaine des technologies au service de l\u2019apprentissage<\/strong><\/span>, ce salon rassemble des professionnels:<\/p>\n<h5 style=\"padding-left: 60px\"><strong><span style=\"color: #225d71\">-du e-learning, <\/span><\/strong><\/h5>\n<h5 style=\"padding-left: 60px\"><strong><span style=\"color: #225d71\">-de la formation, <\/span><\/strong><\/h5>\n<h5 style=\"padding-left: 60px\"><strong><span style=\"color: #225d71\">-des ressources humaines\u00a0<\/span><\/strong><\/h5>\n<h5 style=\"padding-left: 60px\"><strong><span style=\"color: #225d71\">-de la gestion des talents du monde entier<\/span><\/strong><\/h5>\n<hr \/>\n<p>&nbsp;<\/p>\n<h2><span style=\"color: #bb2025\">Au programme du iLearning Forum<\/span><\/h2>\n<p>Plus de 100 exposants, des conf\u00e9rences, des ateliers th\u00e9matiques qui permettront \u00e0 plus de 5000 visiteurs en provenance de 40 pays de se tenir inform\u00e9s des <strong>derni\u00e8res nouveaut\u00e9s en mati\u00e8re d\u2019e-learning.<a href=\"https:\/\/www.meetingone.com\/eu-fr\/wp-content\/uploads\/sites\/7\/2017\/01\/Conference-Speaker.jpg\" rel=\"attachment wp-att-5099\"><img decoding=\"async\" loading=\"lazy\" class=\"aligncenter wp-image-5099 size-full\" src=\"https:\/\/www.meetingone.com\/eu-fr\/wp-content\/uploads\/sites\/7\/2017\/01\/Conference-Speaker.jpg\" alt=\"iLearning Forum\" width=\"550\" height=\"416\" srcset=\"https:\/\/www.meetingone.com\/eu-fr\/wp-content\/uploads\/sites\/7\/2017\/01\/Conference-Speaker.jpg 550w, https:\/\/www.meetingone.com\/eu-fr\/wp-content\/uploads\/sites\/7\/2017\/01\/Conference-Speaker-300x227.jpg 300w\" sizes=\"(max-width: 550px) 100vw, 550px\" \/><\/a><\/strong><\/p>\n<p>&nbsp;<\/p>\n<h3 style=\"text-align: center\">\u00a0<span style=\"color: #f68920\">Vous devriez visiter notre stand: E40 !<\/span><\/h3>\n<p>&nbsp;<\/p>\n<h4 style=\"text-align: center\">N\u2019h\u00e9sitez pas, rejoignez-nous \u00e0 cet \u00e9v\u00e9nement incontournable en demandant gratuitement votre bagde d\u2019acc\u00e8s au iLearning Forum.<\/h4>\n<p><a href=\"http:\/\/www.learningtechnologiesfrance.com\/pourquoi-visiter-\/demande-de-badge-gratuit\" target=\"_blank\" rel=\"attachment wp-att-5096\"><img decoding=\"async\" loading=\"lazy\" class=\"aligncenter wp-image-5096\" src=\"https:\/\/www.meetingone.com\/eu-fr\/wp-content\/uploads\/sites\/7\/2017\/01\/iLearning-Forum-Register-02-02-300x67.png\" alt=\"iLearning Forum\" width=\"251\" height=\"56\" srcset=\"https:\/\/www.meetingone.com\/eu-fr\/wp-content\/uploads\/sites\/7\/2017\/01\/iLearning-Forum-Register-02-02-300x67.png 300w, https:\/\/www.meetingone.com\/eu-fr\/wp-content\/uploads\/sites\/7\/2017\/01\/iLearning-Forum-Register-02-02.png 314w\" sizes=\"(max-width: 251px) 100vw, 251px\" \/><\/a><\/p>\n<p>&nbsp;<\/p>\n<p>&nbsp;<\/p>\n","protected":false},"excerpt":{"rendered":"<p>&nbsp; L\u2019 iLearning Forum ouvre ses portes ces 23 et 24 janvier RDV \u00e0 l\u2019Espace Champerret \u00e0 Paris. MeetingOne vous accueillera sur le stand E40, \u00e0 l\u2019occasion de ce prestigieux salon pour vous accompagner dans vos projets de classe virtuelle. &nbsp; V\u00e9ritable \u00e9v\u00e8nement de r\u00e9f\u00e9rence en Europe dans le domaine des technologies au service de [&hellip;]<\/p>\n","protected":false},"author":12,"featured_media":5099,"comment_status":"closed","ping_status":"closed","sticky":false,"template":"","format":"standard","meta":{"footnotes":""},"categories":[18,2,4],"tags":[],"yoast_head":"<!-- This site is optimized with the Yoast SEO plugin v21.2 - https:\/\/yoast.com\/wordpress\/plugins\/seo\/ -->\n<title>L\u2019 iLearning Forum ouvre bient\u00f4t ses portes - MeetingOne French<\/title>\n<meta name=\"description\" content=\"MeetingOne\u00a0vous accueillera sur le stand A8 de ce prestigieux iLearning Forum pour vous proposer les meilleures solutions.\" \/>\n<meta name=\"robots\" content=\"index, follow, max-snippet:-1, max-image-preview:large, max-video-preview:-1\" \/>\n<link rel=\"canonical\" href=\"https:\/\/www.meetingone.com\/eu-fr\/blog\/ilearning-forum-ouvre-bientot-ses-portes\/\" \/>\n<meta property=\"og:locale\" content=\"en_US\" \/>\n<meta property=\"og:type\" content=\"article\" \/>\n<meta property=\"og:title\" content=\"L\u2019 iLearning Forum ouvre bient\u00f4t ses portes - MeetingOne French\" \/>\n<meta property=\"og:description\" content=\"MeetingOne\u00a0vous accueillera sur le stand A8 de ce prestigieux iLearning Forum pour vous proposer les meilleures solutions.\" \/>\n<meta property=\"og:url\" content=\"https:\/\/www.meetingone.com\/eu-fr\/blog\/ilearning-forum-ouvre-bientot-ses-portes\/\" \/>\n<meta property=\"og:site_name\" content=\"MeetingOne French\" \/>\n<meta property=\"article:publisher\" content=\"https:\/\/www.facebook.com\/MeetingOne\" \/>\n<meta property=\"article:published_time\" content=\"2018-01-09T17:18:04+00:00\" \/>\n<meta property=\"article:modified_time\" content=\"2018-01-10T19:01:34+00:00\" \/>\n<meta property=\"og:image\" content=\"https:\/\/www.meetingone.com\/eu-fr\/wp-content\/uploads\/sites\/7\/2017\/01\/Conference-Speaker.jpg\" \/>\n\t<meta property=\"og:image:width\" content=\"550\" \/>\n\t<meta property=\"og:image:height\" content=\"416\" \/>\n\t<meta property=\"og:image:type\" content=\"image\/jpeg\" \/>\n<meta name=\"author\" content=\"Joel Byerly\" \/>\n<meta name=\"twitter:card\" content=\"summary_large_image\" \/>\n<meta name=\"twitter:creator\" content=\"@meetingone\" \/>\n<meta name=\"twitter:site\" content=\"@meetingone\" \/>\n<meta name=\"twitter:label1\" content=\"Written by\" \/>\n\t<meta name=\"twitter:data1\" content=\"Joel Byerly\" \/>\n\t<meta name=\"twitter:label2\" content=\"Est. reading time\" \/>\n\t<meta name=\"twitter:data2\" content=\"1 minute\" \/>\n<script type=\"application\/ld+json\" class=\"yoast-schema-graph\">{\"@context\":\"https:\/\/schema.org\",\"@graph\":[{\"@type\":\"WebPage\",\"@id\":\"https:\/\/www.meetingone.com\/eu-fr\/blog\/ilearning-forum-ouvre-bientot-ses-portes\/\",\"url\":\"https:\/\/www.meetingone.com\/eu-fr\/blog\/ilearning-forum-ouvre-bientot-ses-portes\/\",\"name\":\"L\u2019 iLearning Forum ouvre bient\u00f4t ses portes - MeetingOne French\",\"isPartOf\":{\"@id\":\"https:\/\/www.meetingone.com\/eu-fr\/#website\"},\"datePublished\":\"2018-01-09T17:18:04+00:00\",\"dateModified\":\"2018-01-10T19:01:34+00:00\",\"author\":{\"@id\":\"https:\/\/www.meetingone.com\/eu-fr\/#\/schema\/person\/1698bd0181e28dafb0e40c821a7294a5\"},\"description\":\"MeetingOne\u00a0vous accueillera sur le stand A8 de ce prestigieux iLearning Forum pour vous proposer les meilleures solutions.\",\"breadcrumb\":{\"@id\":\"https:\/\/www.meetingone.com\/eu-fr\/blog\/ilearning-forum-ouvre-bientot-ses-portes\/#breadcrumb\"},\"inLanguage\":\"en-US\",\"potentialAction\":[{\"@type\":\"ReadAction\",\"target\":[\"https:\/\/www.meetingone.com\/eu-fr\/blog\/ilearning-forum-ouvre-bientot-ses-portes\/\"]}]},{\"@type\":\"BreadcrumbList\",\"@id\":\"https:\/\/www.meetingone.com\/eu-fr\/blog\/ilearning-forum-ouvre-bientot-ses-portes\/#breadcrumb\",\"itemListElement\":[{\"@type\":\"ListItem\",\"position\":1,\"name\":\"Home\",\"item\":\"https:\/\/www.meetingone.com\/eu-fr\/\"},{\"@type\":\"ListItem\",\"position\":2,\"name\":\"L\u2019 iLearning Forum ouvre bient\u00f4t ses portes\"}]},{\"@type\":\"WebSite\",\"@id\":\"https:\/\/www.meetingone.com\/eu-fr\/#website\",\"url\":\"https:\/\/www.meetingone.com\/eu-fr\/\",\"name\":\"MeetingOne French\",\"description\":\"\",\"potentialAction\":[{\"@type\":\"SearchAction\",\"target\":{\"@type\":\"EntryPoint\",\"urlTemplate\":\"https:\/\/www.meetingone.com\/eu-fr\/?s={search_term_string}\"},\"query-input\":\"required name=search_term_string\"}],\"inLanguage\":\"en-US\"},{\"@type\":\"Person\",\"@id\":\"https:\/\/www.meetingone.com\/eu-fr\/#\/schema\/person\/1698bd0181e28dafb0e40c821a7294a5\",\"name\":\"Joel Byerly\",\"image\":{\"@type\":\"ImageObject\",\"inLanguage\":\"en-US\",\"@id\":\"https:\/\/www.meetingone.com\/eu-fr\/#\/schema\/person\/image\/\",\"url\":\"https:\/\/secure.gravatar.com\/avatar\/55c3a9055e36836063ce90b8ee8c3e0a?s=96&d=mm&r=g\",\"contentUrl\":\"https:\/\/secure.gravatar.com\/avatar\/55c3a9055e36836063ce90b8ee8c3e0a?s=96&d=mm&r=g\",\"caption\":\"Joel Byerly\"},\"url\":\"https:\/\/www.meetingone.com\/eu-fr\/blog\/author\/jbyerly\/\"}]}<\/script>\n<!-- \/ Yoast SEO plugin. -->","yoast_head_json":{"title":"L\u2019 iLearning Forum ouvre bient\u00f4t ses portes - MeetingOne French","description":"MeetingOne\u00a0vous accueillera sur le stand A8 de ce prestigieux iLearning Forum pour vous proposer les meilleures solutions.","robots":{"index":"index","follow":"follow","max-snippet":"max-snippet:-1","max-image-preview":"max-image-preview:large","max-video-preview":"max-video-preview:-1"},"canonical":"https:\/\/www.meetingone.com\/eu-fr\/blog\/ilearning-forum-ouvre-bientot-ses-portes\/","og_locale":"en_US","og_type":"article","og_title":"L\u2019 iLearning Forum ouvre bient\u00f4t ses portes - MeetingOne French","og_description":"MeetingOne\u00a0vous accueillera sur le stand A8 de ce prestigieux iLearning Forum pour vous proposer les meilleures solutions.","og_url":"https:\/\/www.meetingone.com\/eu-fr\/blog\/ilearning-forum-ouvre-bientot-ses-portes\/","og_site_name":"MeetingOne French","article_publisher":"https:\/\/www.facebook.com\/MeetingOne","article_published_time":"2018-01-09T17:18:04+00:00","article_modified_time":"2018-01-10T19:01:34+00:00","og_image":[{"width":550,"height":416,"url":"https:\/\/www.meetingone.com\/eu-fr\/wp-content\/uploads\/sites\/7\/2017\/01\/Conference-Speaker.jpg","type":"image\/jpeg"}],"author":"Joel Byerly","twitter_card":"summary_large_image","twitter_creator":"@meetingone","twitter_site":"@meetingone","twitter_misc":{"Written by":"Joel Byerly","Est. reading time":"1 minute"},"schema":{"@context":"https:\/\/schema.org","@graph":[{"@type":"WebPage","@id":"https:\/\/www.meetingone.com\/eu-fr\/blog\/ilearning-forum-ouvre-bientot-ses-portes\/","url":"https:\/\/www.meetingone.com\/eu-fr\/blog\/ilearning-forum-ouvre-bientot-ses-portes\/","name":"L\u2019 iLearning Forum ouvre bient\u00f4t ses portes - MeetingOne French","isPartOf":{"@id":"https:\/\/www.meetingone.com\/eu-fr\/#website"},"datePublished":"2018-01-09T17:18:04+00:00","dateModified":"2018-01-10T19:01:34+00:00","author":{"@id":"https:\/\/www.meetingone.com\/eu-fr\/#\/schema\/person\/1698bd0181e28dafb0e40c821a7294a5"},"description":"MeetingOne\u00a0vous accueillera sur le stand A8 de ce prestigieux iLearning Forum pour vous proposer les meilleures solutions.","breadcrumb":{"@id":"https:\/\/www.meetingone.com\/eu-fr\/blog\/ilearning-forum-ouvre-bientot-ses-portes\/#breadcrumb"},"inLanguage":"en-US","potentialAction":[{"@type":"ReadAction","target":["https:\/\/www.meetingone.com\/eu-fr\/blog\/ilearning-forum-ouvre-bientot-ses-portes\/"]}]},{"@type":"BreadcrumbList","@id":"https:\/\/www.meetingone.com\/eu-fr\/blog\/ilearning-forum-ouvre-bientot-ses-portes\/#breadcrumb","itemListElement":[{"@type":"ListItem","position":1,"name":"Home","item":"https:\/\/www.meetingone.com\/eu-fr\/"},{"@type":"ListItem","position":2,"name":"L\u2019 iLearning Forum ouvre bient\u00f4t ses portes"}]},{"@type":"WebSite","@id":"https:\/\/www.meetingone.com\/eu-fr\/#website","url":"https:\/\/www.meetingone.com\/eu-fr\/","name":"MeetingOne French","description":"","potentialAction":[{"@type":"SearchAction","target":{"@type":"EntryPoint","urlTemplate":"https:\/\/www.meetingone.com\/eu-fr\/?s={search_term_string}"},"query-input":"required name=search_term_string"}],"inLanguage":"en-US"},{"@type":"Person","@id":"https:\/\/www.meetingone.com\/eu-fr\/#\/schema\/person\/1698bd0181e28dafb0e40c821a7294a5","name":"Joel Byerly","image":{"@type":"ImageObject","inLanguage":"en-US","@id":"https:\/\/www.meetingone.com\/eu-fr\/#\/schema\/person\/image\/","url":"https:\/\/secure.gravatar.com\/avatar\/55c3a9055e36836063ce90b8ee8c3e0a?s=96&d=mm&r=g","contentUrl":"https:\/\/secure.gravatar.com\/avatar\/55c3a9055e36836063ce90b8ee8c3e0a?s=96&d=mm&r=g","caption":"Joel Byerly"},"url":"https:\/\/www.meetingone.com\/eu-fr\/blog\/author\/jbyerly\/"}]}},"_links":{"self":[{"href":"https:\/\/www.meetingone.com\/eu-fr\/wp-json\/wp\/v2\/posts\/5095"}],"collection":[{"href":"https:\/\/www.meetingone.com\/eu-fr\/wp-json\/wp\/v2\/posts"}],"about":[{"href":"https:\/\/www.meetingone.com\/eu-fr\/wp-json\/wp\/v2\/types\/post"}],"author":[{"embeddable":true,"href":"https:\/\/www.meetingone.com\/eu-fr\/wp-json\/wp\/v2\/users\/12"}],"replies":[{"embeddable":true,"href":"https:\/\/www.meetingone.com\/eu-fr\/wp-json\/wp\/v2\/comments?post=5095"}],"version-history":[{"count":20,"href":"https:\/\/www.meetingone.com\/eu-fr\/wp-json\/wp\/v2\/posts\/5095\/revisions"}],"predecessor-version":[{"id":6428,"href":"https:\/\/www.meetingone.com\/eu-fr\/wp-json\/wp\/v2\/posts\/5095\/revisions\/6428"}],"wp:featuredmedia":[{"embeddable":true,"href":"https:\/\/www.meetingone.com\/eu-fr\/wp-json\/wp\/v2\/media\/5099"}],"wp:attachment":[{"href":"https:\/\/www.meetingone.com\/eu-fr\/wp-json\/wp\/v2\/media?parent=5095"}],"wp:term":[{"taxonomy":"category","embeddable":true,"href":"https:\/\/www.meetingone.com\/eu-fr\/wp-json\/wp\/v2\/categories?post=5095"},{"taxonomy":"post_tag","embeddable":true,"href":"https:\/\/www.meetingone.com\/eu-fr\/wp-json\/wp\/v2\/tags?post=5095"}],"curies":[{"name":"wp","href":"https:\/\/api.w.org\/{rel}","templated":true}]}}